{"id":53,"date":"2013-05-22T16:48:18","date_gmt":"2013-05-22T13:48:18","guid":{"rendered":"http:\/\/emtools.ro\/blog\/?p=53"},"modified":"2022-02-04T14:04:02","modified_gmt":"2022-02-04T12:04:02","slug":"20-de-ani-de-stihl","status":"publish","type":"post","link":"http:\/\/emtools.ro\/blog\/20-de-ani-de-stihl\/","title":{"rendered":"20 de ani de Stihl!"},"content":{"rendered":"<p style=\"text-align: justify;\">Expert Moldova Trading, companie ce comercializeaz\u0103 unelte \u0219i scule, <a href=\"https:\/\/www.vintex.ro\/92-motounelte\">utilaje \u0219i echipamente profesionale<\/a>, aniverseaz\u0103 20 de ani de colaborare cu STIHL, celebra firm\u0103 produc\u0103toare de motoutilaje din Germania. Aceast\u0103 aniversare se deruleaz\u0103 sub sloganul \u201cExperienta leag\u0103 profesionalismul de traditie\u201d \u0219i va fi marcat\u0103 \u00een urm\u0103toarele luni printr-o serie de evenimente promo\u021bionale.<\/p>\n<p style=\"text-align: justify;\">Cu ocazia acestei celebr\u0103ri, directorul general STIHL, domnul Ioan Mezei a transmis: &#8220;Anul acesta se \u00eemplinesc 20 de ani de c\u00e2nd a\u021bi v\u00e2ndut primul motoferastrau marca STIHL. Cu aceast\u0103 ocazie dorim s\u0103 v\u0103 mul\u021bumim pentru c\u0103 a\u021bi r\u0103mas ace\u0219ti ani al\u0103turi de STIHL \u0219i s\u0103 v\u0103 felicit\u0103m pentru frumoasa noastr\u0103 colaborare.\u201d Directorul general Expert Moldova Trading Anghel Mihai-Petre a dorit la r\u00e2ndul s\u0103u s\u0103-\u0219i exprime aprecierea fa\u021b\u0103 de partenerul Stihl: \u201cDorim cu acest prilej a mul\u021bumi echipei Stihl Rom\u00e2nia pentru implicarea de excep\u021bie, promptitudinea \u0219i responsabilitatea de care a dat dovad\u0103 de-a lungul anilor. V\u0103 mul\u021bumim pentru sprijinul acordat \u0219i pentru disponibilitatea de colaborare \u0219i v\u0103 asigur\u0103m de \u00eentreaga noastr\u0103 apreciere \u0219i considera\u021bie.\u201d<\/p>\n<p style=\"text-align: justify;\">Evenimentele ce marcheaz\u0103 aniversarea de 20 de ani vor \u00eencepe \u00een luna martie \u0219i se vor derula p\u00e2n\u0103 la sf\u00e2r\u0219itul anului 2013. Acestea vor fi marcate pe materialele promo\u021bionale ale companiei \u0219i vor include tombole, concursuri \u0219i demonstra\u021bii de produse.<\/p>\n<p style=\"text-align: justify;\">Expert Moldova Trading s-a impus ca lider pe pia\u021ba ie\u0219ean\u0103 \u00eenc\u0103 de la \u00eenceputul anilor `90, oferind clien\u021bilor s\u0103i unelte \u0219i scule, utilaje \u0219i echipamente profesionale moderne, proiectate \u0219i fabricate dup\u0103 cele mai \u00eenalte standarde ale calit\u0103\u021bii. Ca distribuitor autorizat \u0219i importator al unor produse de marc\u0103, Expert Moldova Trading a reu\u0219it s\u0103 dezvolte \u0219i s\u0103 men\u021bin\u0103 un portofoliu important de clien\u021bi. Aceast\u0103 dezvoltare a fost posibil\u0103 at\u00e2t datorit\u0103 calit\u0103\u021bii produselor, c\u00e2t \u0219i activit\u0103\u021bii de consultan\u021b\u0103 tehnic\u0103 \u0219i de service realizate de c\u0103tre angaja\u021bi.<\/p>\n<p style=\"text-align: justify;\">STIHL este o afacere de familie originar\u0103 din Germania, fondat\u0103 \u00een 1926 de c\u0103tre Andreas STIHL. Compania num\u0103r\u0103 peste 11.400 angajati, de\u0163ine 6 fabrici, 34 de centre na\u0163ionale de v\u00e2nzare, fiind \u00een contact cu 120 de importatori \u0219i av\u00e2nd o prezen\u021b\u0103 \u00een 160 de \u0163\u0103ri. \u00cen prezent STIHL Rom\u00e2nia import\u0103 motounelte sub brandul STIHL \u015fi Viking. STIHL este de departe cea mai v\u00e2ndut\u0103 marc\u0103 de motofer\u0103str\u0103u la nivel mondial, iar cuno\u015ftin\u0163ele, abilit\u0103\u0163ile \u015fi expertiza ob\u0163inute \u00een dezvoltarea motofer\u0103str\u0103ului au fost folosite pentru a deveni un lider \u00een industria de specialitate pentru numeroase utilaje de gr\u0103din\u0103rit incluz\u00e2nd foarfeci pentru tuns gardul viu, suflante, toc\u0103toare, ma\u015fini de tuns iarba, motocoase \u015fi cur\u0103\u0163\u0103toare cu \u00eenalt\u0103 presiune.<\/p>\n<p><img loading=\"lazy\" decoding=\"async\" class=\"size-full wp-image-54 aligncenter\" src=\"http:\/\/emtools.ro\/blog\/wp-content\/uploads\/2013\/05\/homepage_logo.jpg\" alt=\"homepage_logo\" width=\"524\" height=\"151\" srcset=\"http:\/\/emtools.ro\/blog\/wp-content\/uploads\/2013\/05\/homepage_logo.jpg 524w, http:\/\/emtools.ro\/blog\/wp-content\/uploads\/2013\/05\/homepage_logo-300x86.jpg 300w\" sizes=\"auto, (max-width: 524px) 100vw, 524px\" \/><\/p>\n","protected":false},"excerpt":{"rendered":"<p>Expert Moldova Trading, companie ce comercializeaz\u0103 unelte \u0219i scule, utilaje \u0219i echipamente profesionale, aniverseaz\u0103 20 de ani de colaborare cu STIHL, celebra firm\u0103 produc\u0103toare de motoutilaje din Germania. Aceast\u0103 aniversare se deruleaz\u0103 sub sloganul \u201cExperienta leag\u0103 profesionalismul de traditie\u201d \u0219i va fi marcat\u0103 \u00een urm\u0103toarele luni printr-o serie de evenimente promo\u021bionale. Cu ocazia acestei celebr\u0103ri, [&hellip;]<\/p>\n","protected":false},"author":6,"featured_media":55,"comment_status":"open","ping_status":"open","sticky":false,"template":"","format":"standard","meta":{"footnotes":""},"categories":[1],"tags":[64,63,52,30,62],"class_list":["post-53","post","type-post","status-publish","format-standard","has-post-thumbnail","hentry","category-diverse","tag-20-de-ani-colaborare-cu-stihl","tag-20-de-ani-de-stihl","tag-emt","tag-expert-moldova-trading","tag-stihl"],"yoast_head":"<!-- This site is optimized with the Yoast SEO plugin v26.9 - https:\/\/yoast.com\/product\/yoast-seo-wordpress\/ -->\n<title>20 de ani de Stihl! - blog emtools.ro<\/title>\n<meta name=\"robots\" content=\"index, follow, max-snippet:-1, max-image-preview:large, max-video-preview:-1\" \/>\n<link rel=\"canonical\" href=\"http:\/\/emtools.ro\/blog\/20-de-ani-de-stihl\/\" \/>\n<meta property=\"og:locale\" content=\"en_US\" \/>\n<meta property=\"og:type\" content=\"article\" \/>\n<meta property=\"og:title\" content=\"20 de ani de Stihl! - blog emtools.ro\" \/>\n<meta property=\"og:description\" content=\"Expert Moldova Trading, companie ce comercializeaz\u0103 unelte \u0219i scule, utilaje \u0219i echipamente profesionale, aniverseaz\u0103 20 de ani de colaborare cu STIHL, celebra firm\u0103 produc\u0103toare de motoutilaje din Germania. Aceast\u0103 aniversare se deruleaz\u0103 sub sloganul \u201cExperienta leag\u0103 profesionalismul de traditie\u201d \u0219i va fi marcat\u0103 \u00een urm\u0103toarele luni printr-o serie de evenimente promo\u021bionale. Cu ocazia acestei celebr\u0103ri, [&hellip;]\" \/>\n<meta property=\"og:url\" content=\"http:\/\/emtools.ro\/blog\/20-de-ani-de-stihl\/\" \/>\n<meta property=\"og:site_name\" content=\"blog emtools.ro\" \/>\n<meta property=\"article:publisher\" content=\"https:\/\/www.facebook.com\/EMTools\" \/>\n<meta property=\"article:published_time\" content=\"2013-05-22T13:48:18+00:00\" \/>\n<meta property=\"article:modified_time\" content=\"2022-02-04T12:04:02+00:00\" \/>\n<meta property=\"og:image\" content=\"http:\/\/emtools.ro\/blog\/wp-content\/uploads\/2013\/05\/logostihl.png\" \/>\n\t<meta property=\"og:image:width\" content=\"317\" \/>\n\t<meta property=\"og:image:height\" content=\"317\" \/>\n\t<meta property=\"og:image:type\" content=\"image\/png\" \/>\n<meta name=\"author\" content=\"Mihaela\" \/>\n<meta name=\"twitter:label1\" content=\"Written by\" \/>\n\t<meta name=\"twitter:data1\" content=\"Mihaela\" \/>\n\t<meta name=\"twitter:label2\" content=\"Est. reading time\" \/>\n\t<meta name=\"twitter:data2\" content=\"2 minutes\" \/>\n<script type=\"application\/ld+json\" class=\"yoast-schema-graph\">{\"@context\":\"https:\/\/schema.org\",\"@graph\":[{\"@type\":\"Article\",\"@id\":\"http:\/\/emtools.ro\/blog\/20-de-ani-de-stihl\/#article\",\"isPartOf\":{\"@id\":\"http:\/\/emtools.ro\/blog\/20-de-ani-de-stihl\/\"},\"author\":{\"name\":\"Mihaela\",\"@id\":\"https:\/\/emtools.ro\/blog\/#\/schema\/person\/f54fdd06ca546dcf0b14772c20884545\"},\"headline\":\"20 de ani de Stihl!\",\"datePublished\":\"2013-05-22T13:48:18+00:00\",\"dateModified\":\"2022-02-04T12:04:02+00:00\",\"mainEntityOfPage\":{\"@id\":\"http:\/\/emtools.ro\/blog\/20-de-ani-de-stihl\/\"},\"wordCount\":458,\"commentCount\":0,\"image\":{\"@id\":\"http:\/\/emtools.ro\/blog\/20-de-ani-de-stihl\/#primaryimage\"},\"thumbnailUrl\":\"http:\/\/emtools.ro\/blog\/wp-content\/uploads\/2013\/05\/logostihl.png\",\"keywords\":[\"20 de ani colaborare cu stihl\",\"20 de ani de stihl\",\"emt\",\"expert moldova trading\",\"stihl\"],\"articleSection\":[\"Diverse\"],\"inLanguage\":\"en-US\",\"potentialAction\":[{\"@type\":\"CommentAction\",\"name\":\"Comment\",\"target\":[\"http:\/\/emtools.ro\/blog\/20-de-ani-de-stihl\/#respond\"]}]},{\"@type\":\"WebPage\",\"@id\":\"http:\/\/emtools.ro\/blog\/20-de-ani-de-stihl\/\",\"url\":\"http:\/\/emtools.ro\/blog\/20-de-ani-de-stihl\/\",\"name\":\"20 de ani de Stihl! - blog emtools.ro\",\"isPartOf\":{\"@id\":\"https:\/\/emtools.ro\/blog\/#website\"},\"primaryImageOfPage\":{\"@id\":\"http:\/\/emtools.ro\/blog\/20-de-ani-de-stihl\/#primaryimage\"},\"image\":{\"@id\":\"http:\/\/emtools.ro\/blog\/20-de-ani-de-stihl\/#primaryimage\"},\"thumbnailUrl\":\"http:\/\/emtools.ro\/blog\/wp-content\/uploads\/2013\/05\/logostihl.png\",\"datePublished\":\"2013-05-22T13:48:18+00:00\",\"dateModified\":\"2022-02-04T12:04:02+00:00\",\"author\":{\"@id\":\"https:\/\/emtools.ro\/blog\/#\/schema\/person\/f54fdd06ca546dcf0b14772c20884545\"},\"inLanguage\":\"en-US\",\"potentialAction\":[{\"@type\":\"ReadAction\",\"target\":[\"http:\/\/emtools.ro\/blog\/20-de-ani-de-stihl\/\"]}]},{\"@type\":\"ImageObject\",\"inLanguage\":\"en-US\",\"@id\":\"http:\/\/emtools.ro\/blog\/20-de-ani-de-stihl\/#primaryimage\",\"url\":\"http:\/\/emtools.ro\/blog\/wp-content\/uploads\/2013\/05\/logostihl.png\",\"contentUrl\":\"http:\/\/emtools.ro\/blog\/wp-content\/uploads\/2013\/05\/logostihl.png\",\"width\":317,\"height\":317},{\"@type\":\"WebSite\",\"@id\":\"https:\/\/emtools.ro\/blog\/#website\",\"url\":\"https:\/\/emtools.ro\/blog\/\",\"name\":\"blog emtools.ro\",\"description\":\"Expert Moldova Trading ofera o gama diversa de scule, utilaje si echipamente profesionale moderne, proiectate si fabricate dupa cele mai inalte standarde ale calitatii.\",\"potentialAction\":[{\"@type\":\"SearchAction\",\"target\":{\"@type\":\"EntryPoint\",\"urlTemplate\":\"https:\/\/emtools.ro\/blog\/?s={search_term_string}\"},\"query-input\":{\"@type\":\"PropertyValueSpecification\",\"valueRequired\":true,\"valueName\":\"search_term_string\"}}],\"inLanguage\":\"en-US\"},{\"@type\":\"Person\",\"@id\":\"https:\/\/emtools.ro\/blog\/#\/schema\/person\/f54fdd06ca546dcf0b14772c20884545\",\"name\":\"Mihaela\",\"image\":{\"@type\":\"ImageObject\",\"inLanguage\":\"en-US\",\"@id\":\"https:\/\/emtools.ro\/blog\/#\/schema\/person\/image\/\",\"url\":\"https:\/\/secure.gravatar.com\/avatar\/7f6a28047eea281d2d9e0b1e61819b2277cb223034fd8ad83c552d277bd51374?s=96&d=mm&r=g\",\"contentUrl\":\"https:\/\/secure.gravatar.com\/avatar\/7f6a28047eea281d2d9e0b1e61819b2277cb223034fd8ad83c552d277bd51374?s=96&d=mm&r=g\",\"caption\":\"Mihaela\"},\"url\":\"http:\/\/emtools.ro\/blog\/author\/mihaela\/\"}]}<\/script>\n<!-- \/ Yoast SEO plugin. -->","yoast_head_json":{"title":"20 de ani de Stihl! - blog emtools.ro","robots":{"index":"index","follow":"follow","max-snippet":"max-snippet:-1","max-image-preview":"max-image-preview:large","max-video-preview":"max-video-preview:-1"},"canonical":"http:\/\/emtools.ro\/blog\/20-de-ani-de-stihl\/","og_locale":"en_US","og_type":"article","og_title":"20 de ani de Stihl! - blog emtools.ro","og_description":"Expert Moldova Trading, companie ce comercializeaz\u0103 unelte \u0219i scule, utilaje \u0219i echipamente profesionale, aniverseaz\u0103 20 de ani de colaborare cu STIHL, celebra firm\u0103 produc\u0103toare de motoutilaje din Germania. Aceast\u0103 aniversare se deruleaz\u0103 sub sloganul \u201cExperienta leag\u0103 profesionalismul de traditie\u201d \u0219i va fi marcat\u0103 \u00een urm\u0103toarele luni printr-o serie de evenimente promo\u021bionale. Cu ocazia acestei celebr\u0103ri, [&hellip;]","og_url":"http:\/\/emtools.ro\/blog\/20-de-ani-de-stihl\/","og_site_name":"blog emtools.ro","article_publisher":"https:\/\/www.facebook.com\/EMTools","article_published_time":"2013-05-22T13:48:18+00:00","article_modified_time":"2022-02-04T12:04:02+00:00","og_image":[{"width":317,"height":317,"url":"http:\/\/emtools.ro\/blog\/wp-content\/uploads\/2013\/05\/logostihl.png","type":"image\/png"}],"author":"Mihaela","twitter_misc":{"Written by":"Mihaela","Est. reading time":"2 minutes"},"schema":{"@context":"https:\/\/schema.org","@graph":[{"@type":"Article","@id":"http:\/\/emtools.ro\/blog\/20-de-ani-de-stihl\/#article","isPartOf":{"@id":"http:\/\/emtools.ro\/blog\/20-de-ani-de-stihl\/"},"author":{"name":"Mihaela","@id":"https:\/\/emtools.ro\/blog\/#\/schema\/person\/f54fdd06ca546dcf0b14772c20884545"},"headline":"20 de ani de Stihl!","datePublished":"2013-05-22T13:48:18+00:00","dateModified":"2022-02-04T12:04:02+00:00","mainEntityOfPage":{"@id":"http:\/\/emtools.ro\/blog\/20-de-ani-de-stihl\/"},"wordCount":458,"commentCount":0,"image":{"@id":"http:\/\/emtools.ro\/blog\/20-de-ani-de-stihl\/#primaryimage"},"thumbnailUrl":"http:\/\/emtools.ro\/blog\/wp-content\/uploads\/2013\/05\/logostihl.png","keywords":["20 de ani colaborare cu stihl","20 de ani de stihl","emt","expert moldova trading","stihl"],"articleSection":["Diverse"],"inLanguage":"en-US","potentialAction":[{"@type":"CommentAction","name":"Comment","target":["http:\/\/emtools.ro\/blog\/20-de-ani-de-stihl\/#respond"]}]},{"@type":"WebPage","@id":"http:\/\/emtools.ro\/blog\/20-de-ani-de-stihl\/","url":"http:\/\/emtools.ro\/blog\/20-de-ani-de-stihl\/","name":"20 de ani de Stihl! - blog emtools.ro","isPartOf":{"@id":"https:\/\/emtools.ro\/blog\/#website"},"primaryImageOfPage":{"@id":"http:\/\/emtools.ro\/blog\/20-de-ani-de-stihl\/#primaryimage"},"image":{"@id":"http:\/\/emtools.ro\/blog\/20-de-ani-de-stihl\/#primaryimage"},"thumbnailUrl":"http:\/\/emtools.ro\/blog\/wp-content\/uploads\/2013\/05\/logostihl.png","datePublished":"2013-05-22T13:48:18+00:00","dateModified":"2022-02-04T12:04:02+00:00","author":{"@id":"https:\/\/emtools.ro\/blog\/#\/schema\/person\/f54fdd06ca546dcf0b14772c20884545"},"inLanguage":"en-US","potentialAction":[{"@type":"ReadAction","target":["http:\/\/emtools.ro\/blog\/20-de-ani-de-stihl\/"]}]},{"@type":"ImageObject","inLanguage":"en-US","@id":"http:\/\/emtools.ro\/blog\/20-de-ani-de-stihl\/#primaryimage","url":"http:\/\/emtools.ro\/blog\/wp-content\/uploads\/2013\/05\/logostihl.png","contentUrl":"http:\/\/emtools.ro\/blog\/wp-content\/uploads\/2013\/05\/logostihl.png","width":317,"height":317},{"@type":"WebSite","@id":"https:\/\/emtools.ro\/blog\/#website","url":"https:\/\/emtools.ro\/blog\/","name":"blog emtools.ro","description":"Expert Moldova Trading ofera o gama diversa de scule, utilaje si echipamente profesionale moderne, proiectate si fabricate dupa cele mai inalte standarde ale calitatii.","potentialAction":[{"@type":"SearchAction","target":{"@type":"EntryPoint","urlTemplate":"https:\/\/emtools.ro\/blog\/?s={search_term_string}"},"query-input":{"@type":"PropertyValueSpecification","valueRequired":true,"valueName":"search_term_string"}}],"inLanguage":"en-US"},{"@type":"Person","@id":"https:\/\/emtools.ro\/blog\/#\/schema\/person\/f54fdd06ca546dcf0b14772c20884545","name":"Mihaela","image":{"@type":"ImageObject","inLanguage":"en-US","@id":"https:\/\/emtools.ro\/blog\/#\/schema\/person\/image\/","url":"https:\/\/secure.gravatar.com\/avatar\/7f6a28047eea281d2d9e0b1e61819b2277cb223034fd8ad83c552d277bd51374?s=96&d=mm&r=g","contentUrl":"https:\/\/secure.gravatar.com\/avatar\/7f6a28047eea281d2d9e0b1e61819b2277cb223034fd8ad83c552d277bd51374?s=96&d=mm&r=g","caption":"Mihaela"},"url":"http:\/\/emtools.ro\/blog\/author\/mihaela\/"}]}},"_links":{"self":[{"href":"http:\/\/emtools.ro\/blog\/wp-json\/wp\/v2\/posts\/53","targetHints":{"allow":["GET"]}}],"collection":[{"href":"http:\/\/emtools.ro\/blog\/wp-json\/wp\/v2\/posts"}],"about":[{"href":"http:\/\/emtools.ro\/blog\/wp-json\/wp\/v2\/types\/post"}],"author":[{"embeddable":true,"href":"http:\/\/emtools.ro\/blog\/wp-json\/wp\/v2\/users\/6"}],"replies":[{"embeddable":true,"href":"http:\/\/emtools.ro\/blog\/wp-json\/wp\/v2\/comments?post=53"}],"version-history":[{"count":6,"href":"http:\/\/emtools.ro\/blog\/wp-json\/wp\/v2\/posts\/53\/revisions"}],"predecessor-version":[{"id":2251,"href":"http:\/\/emtools.ro\/blog\/wp-json\/wp\/v2\/posts\/53\/revisions\/2251"}],"wp:featuredmedia":[{"embeddable":true,"href":"http:\/\/emtools.ro\/blog\/wp-json\/wp\/v2\/media\/55"}],"wp:attachment":[{"href":"http:\/\/emtools.ro\/blog\/wp-json\/wp\/v2\/media?parent=53"}],"wp:term":[{"taxonomy":"category","embeddable":true,"href":"http:\/\/emtools.ro\/blog\/wp-json\/wp\/v2\/categories?post=53"},{"taxonomy":"post_tag","embeddable":true,"href":"http:\/\/emtools.ro\/blog\/wp-json\/wp\/v2\/tags?post=53"}],"curies":[{"name":"wp","href":"https:\/\/api.w.org\/{rel}","templated":true}]}}